{"id":773,"date":"2021-01-25T17:29:55","date_gmt":"2021-01-25T16:29:55","guid":{"rendered":"https:\/\/fondation-jumelles.ch\/?p=773"},"modified":"2024-04-23T12:14:23","modified_gmt":"2024-04-23T10:14:23","slug":"les-journees-europeennes-des-metiers-dart-jema-en-ville-de-berne-sont-annulees-2021-et-reportees-a-2022","status":"publish","type":"post","link":"https:\/\/fondation-jumelles.ch\/fr\/les-journees-europeennes-des-metiers-dart-jema-en-ville-de-berne-sont-annulees-2021-et-reportees-a-2022\/","title":{"rendered":"Pr\u00e9avis: Les Journ\u00e9es Europ\u00e9ennes des M\u00e9tiers d&rsquo;Art (JEMA) 2025 en ville de Berne auront lieu du 28 au 30 mars."},"content":{"rendered":"","protected":false},"excerpt":{"rendered":"","protected":false},"author":2,"featured_media":0,"comment_status":"closed","ping_status":"closed","sticky":false,"template":"","format":"standard","meta":{"_links_to":"","_links_to_target":""},"categories":[3],"tags":[],"_links":{"self":[{"href":"https:\/\/fondation-jumelles.ch\/fr\/wp-json\/wp\/v2\/posts\/773"}],"collection":[{"href":"https:\/\/fondation-jumelles.ch\/fr\/wp-json\/wp\/v2\/posts"}],"about":[{"href":"https:\/\/fondation-jumelles.ch\/fr\/wp-json\/wp\/v2\/types\/post"}],"author":[{"embeddable":true,"href":"https:\/\/fondation-jumelles.ch\/fr\/wp-json\/wp\/v2\/users\/2"}],"replies":[{"embeddable":true,"href":"https:\/\/fondation-jumelles.ch\/fr\/wp-json\/wp\/v2\/comments?post=773"}],"version-history":[{"count":4,"href":"https:\/\/fondation-jumelles.ch\/fr\/wp-json\/wp\/v2\/posts\/773\/revisions"}],"predecessor-version":[{"id":1317,"href":"https:\/\/fondation-jumelles.ch\/fr\/wp-json\/wp\/v2\/posts\/773\/revisions\/1317"}],"wp:attachment":[{"href":"https:\/\/fondation-jumelles.ch\/fr\/wp-json\/wp\/v2\/media?parent=773"}],"wp:term":[{"taxonomy":"category","embeddable":true,"href":"https:\/\/fondation-jumelles.ch\/fr\/wp-json\/wp\/v2\/categories?post=773"},{"taxonomy":"post_tag","embeddable":true,"href":"https:\/\/fondation-jumelles.ch\/fr\/wp-json\/wp\/v2\/tags?post=773"}],"curies":[{"name":"wp","href":"https:\/\/api.w.org\/{rel}","templated":true}]}}